{"id":11718,"date":"2024-01-25T08:23:14","date_gmt":"2024-01-25T08:23:14","guid":{"rendered":"https:\/\/annaalbert.com\/para-mi-el-hogar-es-el-espacio-que-me-nutre-y-me-inspira\/"},"modified":"2024-01-25T09:11:00","modified_gmt":"2024-01-25T09:11:00","slug":"para-mi-el-hogar-es-el-espacio-que-me-nutre-y-me-inspira","status":"publish","type":"post","link":"https:\/\/annaalbert.com\/es\/para-mi-el-hogar-es-el-espacio-que-me-nutre-y-me-inspira\/","title":{"rendered":"\u00abPara m\u00ed el hogar es el espacio que me nutre y me inspira\u00bb"},"content":{"rendered":"<p>Es un placer compartir que recientemente he tenido la oportunidad de ser entrevistada por <strong><a href=\"https:\/\/www.ashamiro.org\/\">Asha Mir\u00f3<\/a><\/strong>, gran escritora, profesional y maravillosa persona, y quiero expresar mi profunda gratitud por esta experiencia enriquecedora tambi\u00e9n a <strong><a href=\"https:\/\/www.apicatalunya.com\/\">API Catalunya<\/a><\/strong>, grandes profesionales:<\/p>\n<p>Anna Albert es una artesana de la seda y a la vez de la vida. Pinta las sedas con delicadeza, constancia y pasi\u00f3n, reivindica y pone en valor la dignidad y el orgullo de la tarea artesana, que proporciona piezas \u00fanicas e irrepetibles. Las obras de Anna est\u00e1n llenas de color, alegr\u00eda y armon\u00eda. Ha evolucionado y sigue experimentando sin desfallecer, innovando con nuevos temas, nuevas obras de arte y de moda. Sus piezas con esencia modernista las podemos encontrar dentro de las tiendas de muchos de los museos m\u00e1s visitados de la ciudad de Barcelona. Ella se ha convertido en una referente con mucho de reconocimiento por su larga trayectoria.<\/p>\n<ul>\n<li>\n<h6><strong>C\u00f3mo te defines?<\/strong><\/h6>\n<\/li>\n<\/ul>\n<p>Soy una persona creativa, activa y positiva, comprometida con mis deseos y en mejorar el mundo en que vivimos. Profesionalmente soy artista textil, artesana y dise\u00f1adora.<\/p>\n<ul>\n<li>\n<h6><strong>Qu\u00e9 es para ti el hogar\/la casa?<\/strong><\/h6>\n<\/li>\n<\/ul>\n<p>La casa para m\u00ed es sin\u00f3nimo de nido. El hogar en estos momentos de mi vida es mi taller porque hay muy buena energ\u00eda y es un espacio que me nutre y me inspira.<\/p>\n<ul>\n<li>\n<h6><strong>C\u00f3mo descubriste tu vocaci\u00f3n?<\/strong><\/h6>\n<\/li>\n<\/ul>\n<p>La vocaci\u00f3n yo creo que lo he llevado siempre adentro, pero sali\u00f3 con fuerza cuando tuve el primer hijo y fren\u00e9 el ritmo laboral que llevaba, entonces trabajando en centros de salud mental como trabajadora social.<\/p>\n<ul>\n<li>\n<h6><strong>En tu casa siempre te apoyaron en tu vocaci\u00f3n?<\/strong><\/h6>\n<\/li>\n<\/ul>\n<p>Claramente puedo responder con un s\u00ed con may\u00fasculas.<\/p>\n<ul>\n<li>\n<h6><strong>Qu\u00e9 es para ti la artesan\u00eda?<\/strong><\/h6>\n<\/li>\n<\/ul>\n<p>Crear con las manos y el coraz\u00f3n pero no solo. Para m\u00ed la artesan\u00eda es oficio, tradici\u00f3n, cultura y una manera de vivir y estar conectado con el mundo.<\/p>\n<ul>\n<li>\n<h6><strong>Hablando de las primeras veces\u2026como fue tu primer d\u00eda que pintaste sobre seda? C\u00f3mo fue la primera vez que escogiste tu casa?<\/strong><\/h6>\n<\/li>\n<\/ul>\n<p>Las dos preguntas tienen respuestas muy parecidas, curiosamente. El d\u00eda que pint\u00e9 seda por primera vez sent\u00ed que me atrapaba su magia y ya no lo he dejado nunca m\u00e1s. De esto ya hace m\u00e1s de 25 a\u00f1os. Y en cuanto a mi casa tambi\u00e9n supe inmediatamente que era para m\u00ed y ya hace m\u00e1s de 30 a\u00f1os que vivo en el mismo nido.<\/p>\n<ul>\n<li>\n<h6><strong>Expl\u00edcanos por qu\u00e9 decidiste emprender y dedicarte al arte en seda? Qu\u00e9 prop\u00f3sito ten\u00edas?<\/strong><\/h6>\n<\/li>\n<\/ul>\n<p>Yo trabajaba en el \u00e1mbito social desde hac\u00eda 10 a\u00f1os y por el cual hab\u00eda dedicado a\u00f1os de formaci\u00f3n. Pero tambi\u00e9n ten\u00eda esta inquietud creativa y hab\u00eda estudiado un a\u00f1o de estampaci\u00f3n textil a los 19 a\u00f1os. Retom\u00e9 el hilo en el 98, fui a formarme a diferentes talleres de artistas y artesanos y as\u00ed empec\u00e9 este oficio que me ha aportado cosas tan positivas. Hablar de prop\u00f3sito ser\u00eda un poco largo, pero a m\u00ed me gusta decir que poner color en la vida de los otros le da sentido a lo que hago.<\/p>\n<ul>\n<li>\n<h6><strong>Abriste un Showroom \u2013 taller\u2026 Es tu rinc\u00f3n.<\/strong><\/h6>\n<\/li>\n<\/ul>\n<p>Empec\u00e9 el 1998 y el 2001 abr\u00ed un taller y Showroom para recibir al cliente, pintar y exponer la obra acabada.<\/p>\n<ul>\n<li>\n<h6><strong>C\u00f3mo te sientes ante una seda en blanco?<\/strong><\/h6>\n<\/li>\n<\/ul>\n<p>Es dif\u00edcil de explicar, pero normalmente es un momento donde se mezclan sentimientos de libertad y a la vez una desaz\u00f3n placiente. Es un gusto! Me encanta ver correr la pintura y jugar a mezclar colores.<\/p>\n<ul>\n<li>\n<h6><strong>Cu\u00e1l es tu proceso de trabajo?<\/strong><\/h6>\n<\/li>\n<\/ul>\n<p>Primero hago el dise\u00f1o, pinto con las t\u00e9cnicas apropiadas a mi objetivo y despu\u00e9s fijo el color a alta temperatura durante unos 80 minutos. Despu\u00e9s, la pieza la lavo y cada una requiere unos acabados en particular. Por ejemplo los fulares se cosen a mano o las sedas por abanicos se tienen que almidonar, plisar y encolar la madera al tejido.<\/p>\n<p>Para leer la entrevista entera, la podr\u00e9is encontrar <strong><a href=\"https:\/\/www.apicatalunya.com\/anna-albert\/\">AQU\u00cd<\/a><\/strong>, y para ver m\u00e1s entradas de mi blog <strong><a href=\"https:\/\/annaalbert.com\/accessoris-seda-natural-personalitzables\/\">AQU\u00cd<\/a><\/strong>.<\/p>\n","protected":false},"excerpt":{"rendered":"<p>Es un placer compartir que recientemente he tenido la oportunidad de ser entrevistada por Asha Mir\u00f3, gran escritora, profesional y maravillosa persona, y quiero expresar mi profunda gratitud por esta experiencia enriquecedora tambi\u00e9n a API Catalunya, grandes profesionales: Anna Albert es una artesana de la seda y a la vez de la vida. Pinta las [&hellip;]<\/p>\n","protected":false},"author":4,"featured_media":11716,"comment_status":"open","ping_status":"open","sticky":false,"template":"","format":"standard","meta":{"_et_pb_use_builder":"","_et_pb_old_content":"","_et_gb_content_width":"","footnotes":""},"categories":[474,143],"tags":[],"class_list":["post-11718","post","type-post","status-publish","format-standard","has-post-thumbnail","hentry","category-arte-en-seda","category-noticias-es"],"yoast_head":"<!-- This site is optimized with the Yoast SEO plugin v27.4 - https:\/\/yoast.com\/product\/yoast-seo-wordpress\/ -->\n<title>&quot;Para m\u00ed el hogar es el espacio que me nutre y me inspira&quot; - Art en Seda<\/title>\n<meta name=\"description\" content=\"En esta entrada sobre artesan\u00eda encontrar\u00e9is la entrevista que me hicieron Asha Mir\u00f3 y API Catalunya. Da para pensar!\" \/>\n<meta name=\"robots\" content=\"index, follow, max-snippet:-1, max-image-preview:large, max-video-preview:-1\" \/>\n<link rel=\"canonical\" href=\"https:\/\/annaalbert.com\/es\/para-mi-el-hogar-es-el-espacio-que-me-nutre-y-me-inspira\/\" \/>\n<meta property=\"og:locale\" content=\"es_ES\" \/>\n<meta property=\"og:type\" content=\"article\" \/>\n<meta property=\"og:title\" content=\"&quot;Para m\u00ed el hogar es el espacio que me nutre y me inspira&quot; - Art en Seda\" \/>\n<meta property=\"og:description\" content=\"En esta entrada sobre artesan\u00eda encontrar\u00e9is la entrevista que me hicieron Asha Mir\u00f3 y API Catalunya. Da para pensar!\" \/>\n<meta property=\"og:url\" content=\"https:\/\/annaalbert.com\/es\/para-mi-el-hogar-es-el-espacio-que-me-nutre-y-me-inspira\/\" \/>\n<meta property=\"og:site_name\" content=\"Art en Seda\" \/>\n<meta property=\"article:published_time\" content=\"2024-01-25T08:23:14+00:00\" \/>\n<meta property=\"article:modified_time\" content=\"2024-01-25T09:11:00+00:00\" \/>\n<meta property=\"og:image\" content=\"https:\/\/annaalbert.com\/wp-content\/uploads\/2024\/01\/Foto-entrevista-API-Anna.jpeg\" \/>\n\t<meta property=\"og:image:width\" content=\"954\" \/>\n\t<meta property=\"og:image:height\" content=\"1024\" \/>\n\t<meta property=\"og:image:type\" content=\"image\/jpeg\" \/>\n<meta name=\"author\" content=\"Anna Albert\" \/>\n<meta name=\"twitter:card\" content=\"summary_large_image\" \/>\n<meta name=\"twitter:label1\" content=\"Escrito por\" \/>\n\t<meta name=\"twitter:data1\" content=\"Anna Albert\" \/>\n\t<meta name=\"twitter:label2\" content=\"Tiempo de lectura\" \/>\n\t<meta name=\"twitter:data2\" content=\"4 minutos\" \/>\n<script type=\"application\/ld+json\" class=\"yoast-schema-graph\">{\"@context\":\"https:\\\/\\\/schema.org\",\"@graph\":[{\"@type\":\"Article\",\"@id\":\"https:\\\/\\\/annaalbert.com\\\/es\\\/para-mi-el-hogar-es-el-espacio-que-me-nutre-y-me-inspira\\\/#article\",\"isPartOf\":{\"@id\":\"https:\\\/\\\/annaalbert.com\\\/es\\\/para-mi-el-hogar-es-el-espacio-que-me-nutre-y-me-inspira\\\/\"},\"author\":{\"name\":\"Anna Albert\",\"@id\":\"https:\\\/\\\/annaalbert.com\\\/es\\\/#\\\/schema\\\/person\\\/a8aa449d16c483d69cfdf8dee4127102\"},\"headline\":\"\u00abPara m\u00ed el hogar es el espacio que me nutre y me inspira\u00bb\",\"datePublished\":\"2024-01-25T08:23:14+00:00\",\"dateModified\":\"2024-01-25T09:11:00+00:00\",\"mainEntityOfPage\":{\"@id\":\"https:\\\/\\\/annaalbert.com\\\/es\\\/para-mi-el-hogar-es-el-espacio-que-me-nutre-y-me-inspira\\\/\"},\"wordCount\":724,\"commentCount\":0,\"publisher\":{\"@id\":\"https:\\\/\\\/annaalbert.com\\\/es\\\/#organization\"},\"image\":{\"@id\":\"https:\\\/\\\/annaalbert.com\\\/es\\\/para-mi-el-hogar-es-el-espacio-que-me-nutre-y-me-inspira\\\/#primaryimage\"},\"thumbnailUrl\":\"https:\\\/\\\/annaalbert.com\\\/wp-content\\\/uploads\\\/2024\\\/01\\\/Foto-entrevista-API-Anna.jpeg\",\"articleSection\":[\"arte en seda\",\"Noticiasese\"],\"inLanguage\":\"es\",\"potentialAction\":[{\"@type\":\"CommentAction\",\"name\":\"Comment\",\"target\":[\"https:\\\/\\\/annaalbert.com\\\/es\\\/para-mi-el-hogar-es-el-espacio-que-me-nutre-y-me-inspira\\\/#respond\"]}]},{\"@type\":\"WebPage\",\"@id\":\"https:\\\/\\\/annaalbert.com\\\/es\\\/para-mi-el-hogar-es-el-espacio-que-me-nutre-y-me-inspira\\\/\",\"url\":\"https:\\\/\\\/annaalbert.com\\\/es\\\/para-mi-el-hogar-es-el-espacio-que-me-nutre-y-me-inspira\\\/\",\"name\":\"\\\"Para m\u00ed el hogar es el espacio que me nutre y me inspira\\\" - Art en Seda\",\"isPartOf\":{\"@id\":\"https:\\\/\\\/annaalbert.com\\\/es\\\/#website\"},\"primaryImageOfPage\":{\"@id\":\"https:\\\/\\\/annaalbert.com\\\/es\\\/para-mi-el-hogar-es-el-espacio-que-me-nutre-y-me-inspira\\\/#primaryimage\"},\"image\":{\"@id\":\"https:\\\/\\\/annaalbert.com\\\/es\\\/para-mi-el-hogar-es-el-espacio-que-me-nutre-y-me-inspira\\\/#primaryimage\"},\"thumbnailUrl\":\"https:\\\/\\\/annaalbert.com\\\/wp-content\\\/uploads\\\/2024\\\/01\\\/Foto-entrevista-API-Anna.jpeg\",\"datePublished\":\"2024-01-25T08:23:14+00:00\",\"dateModified\":\"2024-01-25T09:11:00+00:00\",\"description\":\"En esta entrada sobre artesan\u00eda encontrar\u00e9is la entrevista que me hicieron Asha Mir\u00f3 y API Catalunya. Da para pensar!\",\"breadcrumb\":{\"@id\":\"https:\\\/\\\/annaalbert.com\\\/es\\\/para-mi-el-hogar-es-el-espacio-que-me-nutre-y-me-inspira\\\/#breadcrumb\"},\"inLanguage\":\"es\",\"potentialAction\":[{\"@type\":\"ReadAction\",\"target\":[\"https:\\\/\\\/annaalbert.com\\\/es\\\/para-mi-el-hogar-es-el-espacio-que-me-nutre-y-me-inspira\\\/\"]}]},{\"@type\":\"ImageObject\",\"inLanguage\":\"es\",\"@id\":\"https:\\\/\\\/annaalbert.com\\\/es\\\/para-mi-el-hogar-es-el-espacio-que-me-nutre-y-me-inspira\\\/#primaryimage\",\"url\":\"https:\\\/\\\/annaalbert.com\\\/wp-content\\\/uploads\\\/2024\\\/01\\\/Foto-entrevista-API-Anna.jpeg\",\"contentUrl\":\"https:\\\/\\\/annaalbert.com\\\/wp-content\\\/uploads\\\/2024\\\/01\\\/Foto-entrevista-API-Anna.jpeg\",\"width\":954,\"height\":1024,\"caption\":\"artesania\"},{\"@type\":\"BreadcrumbList\",\"@id\":\"https:\\\/\\\/annaalbert.com\\\/es\\\/para-mi-el-hogar-es-el-espacio-que-me-nutre-y-me-inspira\\\/#breadcrumb\",\"itemListElement\":[{\"@type\":\"ListItem\",\"position\":1,\"name\":\"Portada\",\"item\":\"https:\\\/\\\/annaalbert.com\\\/es\\\/\"},{\"@type\":\"ListItem\",\"position\":2,\"name\":\"\u00abPara m\u00ed el hogar es el espacio que me nutre y me inspira\u00bb\"}]},{\"@type\":\"WebSite\",\"@id\":\"https:\\\/\\\/annaalbert.com\\\/es\\\/#website\",\"url\":\"https:\\\/\\\/annaalbert.com\\\/es\\\/\",\"name\":\"Art en Seda\",\"description\":\"Productos de seda pintada a mano, asi como cursos, talleres, experiencias por la artesana Anna Albert\",\"publisher\":{\"@id\":\"https:\\\/\\\/annaalbert.com\\\/es\\\/#organization\"},\"potentialAction\":[{\"@type\":\"SearchAction\",\"target\":{\"@type\":\"EntryPoint\",\"urlTemplate\":\"https:\\\/\\\/annaalbert.com\\\/es\\\/?s={search_term_string}\"},\"query-input\":{\"@type\":\"PropertyValueSpecification\",\"valueRequired\":true,\"valueName\":\"search_term_string\"}}],\"inLanguage\":\"es\"},{\"@type\":\"Organization\",\"@id\":\"https:\\\/\\\/annaalbert.com\\\/es\\\/#organization\",\"name\":\"Art en Seda by Anna Albert\",\"url\":\"https:\\\/\\\/annaalbert.com\\\/es\\\/\",\"logo\":{\"@type\":\"ImageObject\",\"inLanguage\":\"es\",\"@id\":\"https:\\\/\\\/annaalbert.com\\\/es\\\/#\\\/schema\\\/logo\\\/image\\\/\",\"url\":\"https:\\\/\\\/annaalbert.com\\\/wp-content\\\/uploads\\\/2021\\\/01\\\/horitzontal_fonsblanc-scaled.jpg\",\"contentUrl\":\"https:\\\/\\\/annaalbert.com\\\/wp-content\\\/uploads\\\/2021\\\/01\\\/horitzontal_fonsblanc-scaled.jpg\",\"width\":2560,\"height\":779,\"caption\":\"Art en Seda by Anna Albert\"},\"image\":{\"@id\":\"https:\\\/\\\/annaalbert.com\\\/es\\\/#\\\/schema\\\/logo\\\/image\\\/\"}},{\"@type\":\"Person\",\"@id\":\"https:\\\/\\\/annaalbert.com\\\/es\\\/#\\\/schema\\\/person\\\/a8aa449d16c483d69cfdf8dee4127102\",\"name\":\"Anna Albert\",\"image\":{\"@type\":\"ImageObject\",\"inLanguage\":\"es\",\"@id\":\"https:\\\/\\\/secure.gravatar.com\\\/avatar\\\/6f25cc3321eee52b8b25a45078c40047b0bfb8ca6315994cacca620369e39ddc?s=96&d=mm&r=g\",\"url\":\"https:\\\/\\\/secure.gravatar.com\\\/avatar\\\/6f25cc3321eee52b8b25a45078c40047b0bfb8ca6315994cacca620369e39ddc?s=96&d=mm&r=g\",\"contentUrl\":\"https:\\\/\\\/secure.gravatar.com\\\/avatar\\\/6f25cc3321eee52b8b25a45078c40047b0bfb8ca6315994cacca620369e39ddc?s=96&d=mm&r=g\",\"caption\":\"Anna Albert\"}}]}<\/script>\n<!-- \/ Yoast SEO plugin. -->","yoast_head_json":{"title":"\"Para m\u00ed el hogar es el espacio que me nutre y me inspira\" - Art en Seda","description":"En esta entrada sobre artesan\u00eda encontrar\u00e9is la entrevista que me hicieron Asha Mir\u00f3 y API Catalunya. Da para pensar!","robots":{"index":"index","follow":"follow","max-snippet":"max-snippet:-1","max-image-preview":"max-image-preview:large","max-video-preview":"max-video-preview:-1"},"canonical":"https:\/\/annaalbert.com\/es\/para-mi-el-hogar-es-el-espacio-que-me-nutre-y-me-inspira\/","og_locale":"es_ES","og_type":"article","og_title":"\"Para m\u00ed el hogar es el espacio que me nutre y me inspira\" - Art en Seda","og_description":"En esta entrada sobre artesan\u00eda encontrar\u00e9is la entrevista que me hicieron Asha Mir\u00f3 y API Catalunya. Da para pensar!","og_url":"https:\/\/annaalbert.com\/es\/para-mi-el-hogar-es-el-espacio-que-me-nutre-y-me-inspira\/","og_site_name":"Art en Seda","article_published_time":"2024-01-25T08:23:14+00:00","article_modified_time":"2024-01-25T09:11:00+00:00","og_image":[{"width":954,"height":1024,"url":"https:\/\/annaalbert.com\/wp-content\/uploads\/2024\/01\/Foto-entrevista-API-Anna.jpeg","type":"image\/jpeg"}],"author":"Anna Albert","twitter_card":"summary_large_image","twitter_misc":{"Escrito por":"Anna Albert","Tiempo de lectura":"4 minutos"},"schema":{"@context":"https:\/\/schema.org","@graph":[{"@type":"Article","@id":"https:\/\/annaalbert.com\/es\/para-mi-el-hogar-es-el-espacio-que-me-nutre-y-me-inspira\/#article","isPartOf":{"@id":"https:\/\/annaalbert.com\/es\/para-mi-el-hogar-es-el-espacio-que-me-nutre-y-me-inspira\/"},"author":{"name":"Anna Albert","@id":"https:\/\/annaalbert.com\/es\/#\/schema\/person\/a8aa449d16c483d69cfdf8dee4127102"},"headline":"\u00abPara m\u00ed el hogar es el espacio que me nutre y me inspira\u00bb","datePublished":"2024-01-25T08:23:14+00:00","dateModified":"2024-01-25T09:11:00+00:00","mainEntityOfPage":{"@id":"https:\/\/annaalbert.com\/es\/para-mi-el-hogar-es-el-espacio-que-me-nutre-y-me-inspira\/"},"wordCount":724,"commentCount":0,"publisher":{"@id":"https:\/\/annaalbert.com\/es\/#organization"},"image":{"@id":"https:\/\/annaalbert.com\/es\/para-mi-el-hogar-es-el-espacio-que-me-nutre-y-me-inspira\/#primaryimage"},"thumbnailUrl":"https:\/\/annaalbert.com\/wp-content\/uploads\/2024\/01\/Foto-entrevista-API-Anna.jpeg","articleSection":["arte en seda","Noticiasese"],"inLanguage":"es","potentialAction":[{"@type":"CommentAction","name":"Comment","target":["https:\/\/annaalbert.com\/es\/para-mi-el-hogar-es-el-espacio-que-me-nutre-y-me-inspira\/#respond"]}]},{"@type":"WebPage","@id":"https:\/\/annaalbert.com\/es\/para-mi-el-hogar-es-el-espacio-que-me-nutre-y-me-inspira\/","url":"https:\/\/annaalbert.com\/es\/para-mi-el-hogar-es-el-espacio-que-me-nutre-y-me-inspira\/","name":"\"Para m\u00ed el hogar es el espacio que me nutre y me inspira\" - Art en Seda","isPartOf":{"@id":"https:\/\/annaalbert.com\/es\/#website"},"primaryImageOfPage":{"@id":"https:\/\/annaalbert.com\/es\/para-mi-el-hogar-es-el-espacio-que-me-nutre-y-me-inspira\/#primaryimage"},"image":{"@id":"https:\/\/annaalbert.com\/es\/para-mi-el-hogar-es-el-espacio-que-me-nutre-y-me-inspira\/#primaryimage"},"thumbnailUrl":"https:\/\/annaalbert.com\/wp-content\/uploads\/2024\/01\/Foto-entrevista-API-Anna.jpeg","datePublished":"2024-01-25T08:23:14+00:00","dateModified":"2024-01-25T09:11:00+00:00","description":"En esta entrada sobre artesan\u00eda encontrar\u00e9is la entrevista que me hicieron Asha Mir\u00f3 y API Catalunya. Da para pensar!","breadcrumb":{"@id":"https:\/\/annaalbert.com\/es\/para-mi-el-hogar-es-el-espacio-que-me-nutre-y-me-inspira\/#breadcrumb"},"inLanguage":"es","potentialAction":[{"@type":"ReadAction","target":["https:\/\/annaalbert.com\/es\/para-mi-el-hogar-es-el-espacio-que-me-nutre-y-me-inspira\/"]}]},{"@type":"ImageObject","inLanguage":"es","@id":"https:\/\/annaalbert.com\/es\/para-mi-el-hogar-es-el-espacio-que-me-nutre-y-me-inspira\/#primaryimage","url":"https:\/\/annaalbert.com\/wp-content\/uploads\/2024\/01\/Foto-entrevista-API-Anna.jpeg","contentUrl":"https:\/\/annaalbert.com\/wp-content\/uploads\/2024\/01\/Foto-entrevista-API-Anna.jpeg","width":954,"height":1024,"caption":"artesania"},{"@type":"BreadcrumbList","@id":"https:\/\/annaalbert.com\/es\/para-mi-el-hogar-es-el-espacio-que-me-nutre-y-me-inspira\/#breadcrumb","itemListElement":[{"@type":"ListItem","position":1,"name":"Portada","item":"https:\/\/annaalbert.com\/es\/"},{"@type":"ListItem","position":2,"name":"\u00abPara m\u00ed el hogar es el espacio que me nutre y me inspira\u00bb"}]},{"@type":"WebSite","@id":"https:\/\/annaalbert.com\/es\/#website","url":"https:\/\/annaalbert.com\/es\/","name":"Art en Seda","description":"Productos de seda pintada a mano, asi como cursos, talleres, experiencias por la artesana Anna Albert","publisher":{"@id":"https:\/\/annaalbert.com\/es\/#organization"},"potentialAction":[{"@type":"SearchAction","target":{"@type":"EntryPoint","urlTemplate":"https:\/\/annaalbert.com\/es\/?s={search_term_string}"},"query-input":{"@type":"PropertyValueSpecification","valueRequired":true,"valueName":"search_term_string"}}],"inLanguage":"es"},{"@type":"Organization","@id":"https:\/\/annaalbert.com\/es\/#organization","name":"Art en Seda by Anna Albert","url":"https:\/\/annaalbert.com\/es\/","logo":{"@type":"ImageObject","inLanguage":"es","@id":"https:\/\/annaalbert.com\/es\/#\/schema\/logo\/image\/","url":"https:\/\/annaalbert.com\/wp-content\/uploads\/2021\/01\/horitzontal_fonsblanc-scaled.jpg","contentUrl":"https:\/\/annaalbert.com\/wp-content\/uploads\/2021\/01\/horitzontal_fonsblanc-scaled.jpg","width":2560,"height":779,"caption":"Art en Seda by Anna Albert"},"image":{"@id":"https:\/\/annaalbert.com\/es\/#\/schema\/logo\/image\/"}},{"@type":"Person","@id":"https:\/\/annaalbert.com\/es\/#\/schema\/person\/a8aa449d16c483d69cfdf8dee4127102","name":"Anna Albert","image":{"@type":"ImageObject","inLanguage":"es","@id":"https:\/\/secure.gravatar.com\/avatar\/6f25cc3321eee52b8b25a45078c40047b0bfb8ca6315994cacca620369e39ddc?s=96&d=mm&r=g","url":"https:\/\/secure.gravatar.com\/avatar\/6f25cc3321eee52b8b25a45078c40047b0bfb8ca6315994cacca620369e39ddc?s=96&d=mm&r=g","contentUrl":"https:\/\/secure.gravatar.com\/avatar\/6f25cc3321eee52b8b25a45078c40047b0bfb8ca6315994cacca620369e39ddc?s=96&d=mm&r=g","caption":"Anna Albert"}}]}},"_links":{"self":[{"href":"https:\/\/annaalbert.com\/es\/wp-json\/wp\/v2\/posts\/11718","targetHints":{"allow":["GET"]}}],"collection":[{"href":"https:\/\/annaalbert.com\/es\/wp-json\/wp\/v2\/posts"}],"about":[{"href":"https:\/\/annaalbert.com\/es\/wp-json\/wp\/v2\/types\/post"}],"author":[{"embeddable":true,"href":"https:\/\/annaalbert.com\/es\/wp-json\/wp\/v2\/users\/4"}],"replies":[{"embeddable":true,"href":"https:\/\/annaalbert.com\/es\/wp-json\/wp\/v2\/comments?post=11718"}],"version-history":[{"count":1,"href":"https:\/\/annaalbert.com\/es\/wp-json\/wp\/v2\/posts\/11718\/revisions"}],"predecessor-version":[{"id":11719,"href":"https:\/\/annaalbert.com\/es\/wp-json\/wp\/v2\/posts\/11718\/revisions\/11719"}],"wp:featuredmedia":[{"embeddable":true,"href":"https:\/\/annaalbert.com\/es\/wp-json\/wp\/v2\/media\/11716"}],"wp:attachment":[{"href":"https:\/\/annaalbert.com\/es\/wp-json\/wp\/v2\/media?parent=11718"}],"wp:term":[{"taxonomy":"category","embeddable":true,"href":"https:\/\/annaalbert.com\/es\/wp-json\/wp\/v2\/categories?post=11718"},{"taxonomy":"post_tag","embeddable":true,"href":"https:\/\/annaalbert.com\/es\/wp-json\/wp\/v2\/tags?post=11718"}],"curies":[{"name":"wp","href":"https:\/\/api.w.org\/{rel}","templated":true}]}}